{"id":3133,"date":"2026-07-09T11:19:41","date_gmt":"2026-07-09T09:19:41","guid":{"rendered":"https:\/\/zenyvenergetice.cz\/summer-lounge-akcny-plan-europskej-komisie-pre-elektrifikaciu\/"},"modified":"2026-08-12T14:02:56","modified_gmt":"2026-08-12T12:02:56","slug":"summer-lounge-akcny-plan-europskej-komisie-pre-elektrifikaciu","status":"publish","type":"post","link":"https:\/\/zenyvenergetice.cz\/sk\/summer-lounge-akcny-plan-europskej-komisie-pre-elektrifikaciu\/","title":{"rendered":"Summer Lounge: Ak\u010dn\u00fd pl\u00e1n Eur\u00f3pskej komisie pre elektrifik\u00e1ciu"},"content":{"rendered":"\n<p class=\"wp-block-paragraph\">Poz\u00fdvame v\u00e1s na letn\u00e9 stretnutie \u010dleniek organiz\u00e1cie \u201e\u017deny v energetike\u201c v Prahe, tentoraz vo forme letn\u00e9ho posedenia s n\u00e1pojom a odbornou diskusiou v pr\u00edjemnej atmosf\u00e9re.<\/p>\n\n<p class=\"wp-block-paragraph\">V spolupr\u00e1ci a s podporou spolo\u010dnosti KPMG sme pre v\u00e1s pripravili ve\u010der, ktor\u00fd spoj\u00ed aktu\u00e1lnu t\u00e9mu energetiky s neform\u00e1lnym networkingom. A ak\u00e1 bude t\u00e9ma?<\/p>\n\n<p class=\"wp-block-paragraph\">U\u017e 22. V j\u00fali Eur\u00f3pska komisia predstav\u00ed ak\u010dn\u00fd pl\u00e1n pre elektrifik\u00e1ciu \u2013 a spolu s n\u00edm aj nov\u00e9 ciele na rok 2040 v oblasti elektrifik\u00e1cie, obnovite\u013en\u00fdch zdrojov energie (OZE) a energetickej \u00fa\u010dinnosti (EED). V tejto veci v\u0161ak zatia\u013e zost\u00e1va viac ot\u00e1zok ako odpoved\u00ed: bud\u00fa tieto ciele z\u00e1v\u00e4zn\u00e9? P\u00f4jde o ciele stanoven\u00e9 na \u00farovni celej E\u00da, alebo sa prenes\u00fa na jednotliv\u00e9 \u0161t\u00e1ty? A hlavne \u2013 ako sa to prejav\u00ed v praxi?<\/p>\n\n<p class=\"wp-block-paragraph\">Pre \u010cesk\u00fa republiku to nie je len technick\u00e1 diskusia, ale strategick\u00e9 rozhodnutie. Ak\u00e9 stanovisko by mala zauja\u0165? Dok\u00e1\u017ee \u010desk\u00fd energetick\u00fd sektor na tieto zmeny reagova\u0165?<\/p>\n\n<p class=\"wp-block-paragraph\"><strong>Zazna\u010dte si tento d\u00e1tum:<\/strong><\/p>\n\n<p class=\"wp-block-paragraph\"><strong>\ud83d\udd1c Kedy?<\/strong>  Streda 29. 7. 2026<br\/>\u23f0 <strong>\u010cas?<\/strong> 17:00 \u2013 22:00<br\/>\ud83c\udfaf <strong>Kde?<\/strong> KPMG, Pob\u0159e\u017en\u00ed 648, Praha<\/p>\n\n<p class=\"wp-block-paragraph\"><strong>Program:<\/strong><br\/>\ud83c\udfaf\u00davod (10 min\u00fat)<br\/>\ud83c\udfafOdborn\u00e1 diskusia s hos\u0165ami z energetick\u00e9ho sektora (45 min\u00fat)<br\/>\ud83c\udfafNetworking a letn\u00fd lounge s n\u00e1pojom<\/p>\n\n<p class=\"wp-block-paragraph\">Te\u0161\u00edme sa na in\u0161pirat\u00edvny letn\u00fd ve\u010der pln\u00fd nov\u00fdch poh\u013eadov, v\u00fdmeny sk\u00fasenost\u00ed a siln\u00fdch \u017eensk\u00fdch hlasov v energetike.<\/p>\n\n<p class=\"wp-block-paragraph\">Akce je ur\u010dena pro Unique \u010dlenky \u017deny v energetice.<\/p>\n","protected":false},"excerpt":{"rendered":"<p>Poz\u00fdvame v\u00e1s na letn\u00e9 stretnutie \u010dleniek organiz\u00e1cie \u201e\u017deny v energetike\u201c v Prahe, tentoraz vo forme letn\u00e9ho posedenia s n\u00e1pojom a odbornou diskusiou v pr\u00edjemnej atmosf\u00e9re.&hellip;<\/p>\n","protected":false},"author":2,"featured_media":3132,"comment_status":"closed","ping_status":"open","sticky":false,"template":"","format":"standard","meta":{"pgc_sgb_lightbox_settings":"","footnotes":""},"categories":[45],"tags":[],"class_list":["post-3133","post","type-post","status-publish","format-standard","has-post-thumbnail","hentry","category-uskutocnene-podujatia"],"_links":{"self":[{"href":"https:\/\/zenyvenergetice.cz\/sk\/wp-json\/wp\/v2\/posts\/3133","targetHints":{"allow":["GET"]}}],"collection":[{"href":"https:\/\/zenyvenergetice.cz\/sk\/wp-json\/wp\/v2\/posts"}],"about":[{"href":"https:\/\/zenyvenergetice.cz\/sk\/wp-json\/wp\/v2\/types\/post"}],"author":[{"embeddable":true,"href":"https:\/\/zenyvenergetice.cz\/sk\/wp-json\/wp\/v2\/users\/2"}],"replies":[{"embeddable":true,"href":"https:\/\/zenyvenergetice.cz\/sk\/wp-json\/wp\/v2\/comments?post=3133"}],"version-history":[{"count":5,"href":"https:\/\/zenyvenergetice.cz\/sk\/wp-json\/wp\/v2\/posts\/3133\/revisions"}],"predecessor-version":[{"id":3182,"href":"https:\/\/zenyvenergetice.cz\/sk\/wp-json\/wp\/v2\/posts\/3133\/revisions\/3182"}],"wp:featuredmedia":[{"embeddable":true,"href":"https:\/\/zenyvenergetice.cz\/sk\/wp-json\/wp\/v2\/media\/3132"}],"wp:attachment":[{"href":"https:\/\/zenyvenergetice.cz\/sk\/wp-json\/wp\/v2\/media?parent=3133"}],"wp:term":[{"taxonomy":"category","embeddable":true,"href":"https:\/\/zenyvenergetice.cz\/sk\/wp-json\/wp\/v2\/categories?post=3133"},{"taxonomy":"post_tag","embeddable":true,"href":"https:\/\/zenyvenergetice.cz\/sk\/wp-json\/wp\/v2\/tags?post=3133"}],"curies":[{"name":"wp","href":"https:\/\/api.w.org\/{rel}","templated":true}]}}